{"id":1495,"date":"2024-02-01T21:44:52","date_gmt":"2024-02-01T20:44:52","guid":{"rendered":"https:\/\/malanew.org\/?p=1495"},"modified":"2024-02-01T21:54:40","modified_gmt":"2024-02-01T20:54:40","slug":"elementor-1495","status":"publish","type":"post","link":"https:\/\/malanew.org\/?p=1495","title":{"rendered":"Aux arbres citoyens"},"content":{"rendered":"\t\t<div data-elementor-type=\"wp-post\" data-elementor-id=\"1495\" class=\"elementor elementor-1495\">\n\t\t\t\t<div class=\"elementor-element elementor-element-39b90f8 e-flex e-con-boxed e-con e-parent\" data-id=\"39b90f8\" data-element_type=\"container\" data-e-type=\"container\">\n\t\t\t\t\t<div class=\"e-con-inner\">\n\t\t\t\t<div class=\"elementor-element elementor-element-7ba50c2 elementor-widget elementor-widget-heading\" data-id=\"7ba50c2\" data-element_type=\"widget\" data-e-type=\"widget\" data-widget_type=\"heading.default\">\n\t\t\t\t<div class=\"elementor-widget-container\">\n\t\t\t\t\t<h2 class=\"elementor-heading-title elementor-size-default\">\u00ab Aux arbres citoyen.nes de la Porte de la Villette \u00bb<\/h2>\t\t\t\t<\/div>\n\t\t\t\t<\/div>\n\t\t\t\t\t<\/div>\n\t\t\t\t<\/div>\n\t\t<div class=\"elementor-element elementor-element-a14d8bc e-flex e-con-boxed e-con e-parent\" data-id=\"a14d8bc\" data-element_type=\"container\" data-e-type=\"container\">\n\t\t\t\t\t<div class=\"e-con-inner\">\n\t\t<div class=\"elementor-element elementor-element-cdb5a7b e-con-full e-flex e-con e-child\" data-id=\"cdb5a7b\" data-element_type=\"container\" data-e-type=\"container\">\n\t\t\t\t<div class=\"elementor-element elementor-element-df01b52 elementor-widget elementor-widget-text-editor\" data-id=\"df01b52\" data-element_type=\"widget\" data-e-type=\"widget\" data-widget_type=\"text-editor.default\">\n\t\t\t\t<div class=\"elementor-widget-container\">\n\t\t\t\t\t\t\t\t\t<p>\u00a0<\/p><p>Collectif de citoyens et d\u2019associations de Paris 19, Pantin et Aubervilliers pour d\u00e9fendre le secteur, en particulier le square Forceval afin que les projets n\u2019occasionnent pas l\u2019abattage d\u2019arbres sur le square Forceval, ni sur l\u2019ensemble de la Place Auguste Baron.<br \/>Le but est de proposer des actions \u00a0d\u2019utilisation temporaire du tunnel et du square.<br \/>R\u00e9union le 7 f\u00e9vrier 2024 \u00e0 18h30 dans les locaux de FAWA, 9 Place Auguste Baron 75019 Paris\u00a0<\/p>\t\t\t\t\t\t\t\t<\/div>\n\t\t\t\t<\/div>\n\t\t\t\t<\/div>\n\t\t<div class=\"elementor-element elementor-element-d5b99d7 e-con-full e-flex e-con e-child\" data-id=\"d5b99d7\" data-element_type=\"container\" data-e-type=\"container\">\n\t\t\t\t<div class=\"elementor-element elementor-element-87b77b3 elementor-widget elementor-widget-image\" data-id=\"87b77b3\" data-element_type=\"widget\" data-e-type=\"widget\" data-widget_type=\"image.default\">\n\t\t\t\t<div class=\"elementor-widget-container\">\n\t\t\t\t\t\t\t\t\t\t\t\t\t\t\t<img fetchpriority=\"high\" decoding=\"async\" width=\"768\" height=\"437\" src=\"https:\/\/malanew.org\/wp-content\/uploads\/2024\/02\/place-Villette-768x437.jpg\" class=\"attachment-medium_large size-medium_large wp-image-1497\" alt=\"\" srcset=\"https:\/\/malanew.org\/wp-content\/uploads\/2024\/02\/place-Villette-768x437.jpg 768w, https:\/\/malanew.org\/wp-content\/uploads\/2024\/02\/place-Villette-300x171.jpg 300w, https:\/\/malanew.org\/wp-content\/uploads\/2024\/02\/place-Villette.jpg 873w\" sizes=\"(max-width: 768px) 100vw, 768px\" \/>\t\t\t\t\t\t\t\t\t\t\t\t\t\t\t<\/div>\n\t\t\t\t<\/div>\n\t\t\t\t<\/div>\n\t\t\t\t\t<\/div>\n\t\t\t\t<\/div>\n\t\t\t\t<\/div>\n\t\t","protected":false},"excerpt":{"rendered":"<p>\u00ab Aux arbres citoyen.nes de la Porte de la Villette \u00bb \u00a0 Collectif de citoyens et d\u2019associations de Paris 19, Pantin et Aubervilliers pour d\u00e9fendre le secteur, en particulier le square Forceval afin que les projets n\u2019occasionnent pas l\u2019abattage d\u2019arbres sur le square Forceval, ni sur l\u2019ensemble de la Place Auguste Baron.Le but est de [&hellip;]<\/p>\n","protected":false},"author":1,"featured_media":0,"comment_status":"closed","ping_status":"open","sticky":false,"template":"","format":"standard","meta":{"footnotes":""},"categories":[1],"tags":[],"class_list":["post-1495","post","type-post","status-publish","format-standard","hentry","category-blog"],"_links":{"self":[{"href":"https:\/\/malanew.org\/index.php?rest_route=\/wp\/v2\/posts\/1495","targetHints":{"allow":["GET"]}}],"collection":[{"href":"https:\/\/malanew.org\/index.php?rest_route=\/wp\/v2\/posts"}],"about":[{"href":"https:\/\/malanew.org\/index.php?rest_route=\/wp\/v2\/types\/post"}],"author":[{"embeddable":true,"href":"https:\/\/malanew.org\/index.php?rest_route=\/wp\/v2\/users\/1"}],"replies":[{"embeddable":true,"href":"https:\/\/malanew.org\/index.php?rest_route=%2Fwp%2Fv2%2Fcomments&post=1495"}],"version-history":[{"count":8,"href":"https:\/\/malanew.org\/index.php?rest_route=\/wp\/v2\/posts\/1495\/revisions"}],"predecessor-version":[{"id":1504,"href":"https:\/\/malanew.org\/index.php?rest_route=\/wp\/v2\/posts\/1495\/revisions\/1504"}],"wp:attachment":[{"href":"https:\/\/malanew.org\/index.php?rest_route=%2Fwp%2Fv2%2Fmedia&parent=1495"}],"wp:term":[{"taxonomy":"category","embeddable":true,"href":"https:\/\/malanew.org\/index.php?rest_route=%2Fwp%2Fv2%2Fcategories&post=1495"},{"taxonomy":"post_tag","embeddable":true,"href":"https:\/\/malanew.org\/index.php?rest_route=%2Fwp%2Fv2%2Ftags&post=1495"}],"curies":[{"name":"wp","href":"https:\/\/api.w.org\/{rel}","templated":true}]}}