{"id":1546,"date":"2024-02-02T16:26:56","date_gmt":"2024-02-02T15:26:56","guid":{"rendered":"https:\/\/malanew.org\/?p=1546"},"modified":"2024-02-05T10:39:55","modified_gmt":"2024-02-05T09:39:55","slug":"urba","status":"publish","type":"post","link":"https:\/\/malanew.org\/?p=1546","title":{"rendered":"Quel avenir pour la parcelle ENTRA ?"},"content":{"rendered":"\t\t<div data-elementor-type=\"wp-post\" data-elementor-id=\"1546\" class=\"elementor elementor-1546\">\n\t\t\t\t<div class=\"elementor-element elementor-element-0a52087 e-flex e-con-boxed e-con e-parent\" data-id=\"0a52087\" data-element_type=\"container\" data-e-type=\"container\">\n\t\t\t\t\t<div class=\"e-con-inner\">\n\t\t<div class=\"elementor-element elementor-element-4e155b7 e-con-full e-flex e-con e-child\" data-id=\"4e155b7\" data-element_type=\"container\" data-e-type=\"container\">\n\t\t\t\t<div class=\"elementor-element elementor-element-3057267 elementor-widget elementor-widget-image\" data-id=\"3057267\" data-element_type=\"widget\" data-e-type=\"widget\" data-widget_type=\"image.default\">\n\t\t\t\t<div class=\"elementor-widget-container\">\n\t\t\t\t\t\t\t\t\t\t\t\t\t\t\t<img fetchpriority=\"high\" decoding=\"async\" width=\"800\" height=\"491\" src=\"https:\/\/malanew.org\/wp-content\/uploads\/2024\/02\/Rufina-1024x628.jpg\" class=\"attachment-large size-large wp-image-1551\" alt=\"\" srcset=\"https:\/\/malanew.org\/wp-content\/uploads\/2024\/02\/Rufina-1024x628.jpg 1024w, https:\/\/malanew.org\/wp-content\/uploads\/2024\/02\/Rufina-300x184.jpg 300w, https:\/\/malanew.org\/wp-content\/uploads\/2024\/02\/Rufina-768x471.jpg 768w, https:\/\/malanew.org\/wp-content\/uploads\/2024\/02\/Rufina.jpg 1085w\" sizes=\"(max-width: 800px) 100vw, 800px\" \/>\t\t\t\t\t\t\t\t\t\t\t\t\t\t\t<\/div>\n\t\t\t\t<\/div>\n\t\t\t\t<\/div>\n\t\t<div class=\"elementor-element elementor-element-3956d8f e-con-full e-flex e-con e-child\" data-id=\"3956d8f\" data-element_type=\"container\" data-e-type=\"container\">\n\t\t\t\t<div class=\"elementor-element elementor-element-ab0b725 elementor-widget elementor-widget-text-editor\" data-id=\"ab0b725\" data-element_type=\"widget\" data-e-type=\"widget\" data-widget_type=\"text-editor.default\">\n\t\t\t\t<div class=\"elementor-widget-container\">\n\t\t\t\t\t\t\t\t\t<h3>Quel avenir pour la parcelle <span class=\"il\">ENTRA?<\/span>\u00a0<\/h3><div>Sur le site G\u00e9ofoncier, il apparait que les parcelles ENTRA ont \u00e9t\u00e9 vendues en Juillet 2020 (2 500 000 euros) \u00e0 la soci\u00e9t\u00e9 d&rsquo;activit\u00e9s immobili\u00e8res Rufina Real Estate qui existe depuis 2019. Il existe effectivement un projet immobilier sur la parcelle ENTRA \u00ab\u00a0Rufina Village\u00a0\u00bb <a href=\"https:\/\/www.htordjman.com\/rufina-village?lightbox=dataItem-lbnulxd24\" target=\"_blank\" rel=\"noopener\" data-saferedirecturl=\"https:\/\/www.google.com\/url?q=https:\/\/www.htordjman.com\/rufina-village?lightbox%3DdataItem-lbnulxd24&amp;source=gmail&amp;ust=1706973794805000&amp;usg=AOvVaw0qcmCMgGs9nOIyU98rQjcV\">https:\/\/www.htordjman.<wbr \/>com\/rufina-village?lightbox=<wbr \/>dataItem-lbnulxd24. <\/a><\/div><div>8 Immeubles en RC+ 7 !!!\u00a0<\/div>\t\t\t\t\t\t\t\t<\/div>\n\t\t\t\t<\/div>\n\t\t\t\t<\/div>\n\t\t\t\t\t<\/div>\n\t\t\t\t<\/div>\n\t\t\t\t<\/div>\n\t\t","protected":false},"excerpt":{"rendered":"<p>Quel avenir pour la parcelle ENTRA?\u00a0 Sur le site G\u00e9ofoncier, il apparait que les parcelles ENTRA ont \u00e9t\u00e9 vendues en Juillet 2020 (2 500 000 euros) \u00e0 la soci\u00e9t\u00e9 d&rsquo;activit\u00e9s immobili\u00e8res Rufina Real Estate qui existe depuis 2019. Il existe effectivement un projet immobilier sur la parcelle ENTRA \u00ab\u00a0Rufina Village\u00a0\u00bb https:\/\/www.htordjman.com\/rufina-village?lightbox=dataItem-lbnulxd24. 8 Immeubles en RC+ [&hellip;]<\/p>\n","protected":false},"author":1,"featured_media":0,"comment_status":"closed","ping_status":"open","sticky":false,"template":"","format":"standard","meta":{"footnotes":""},"categories":[1],"tags":[],"class_list":["post-1546","post","type-post","status-publish","format-standard","hentry","category-blog"],"_links":{"self":[{"href":"https:\/\/malanew.org\/index.php?rest_route=\/wp\/v2\/posts\/1546","targetHints":{"allow":["GET"]}}],"collection":[{"href":"https:\/\/malanew.org\/index.php?rest_route=\/wp\/v2\/posts"}],"about":[{"href":"https:\/\/malanew.org\/index.php?rest_route=\/wp\/v2\/types\/post"}],"author":[{"embeddable":true,"href":"https:\/\/malanew.org\/index.php?rest_route=\/wp\/v2\/users\/1"}],"replies":[{"embeddable":true,"href":"https:\/\/malanew.org\/index.php?rest_route=%2Fwp%2Fv2%2Fcomments&post=1546"}],"version-history":[{"count":13,"href":"https:\/\/malanew.org\/index.php?rest_route=\/wp\/v2\/posts\/1546\/revisions"}],"predecessor-version":[{"id":1560,"href":"https:\/\/malanew.org\/index.php?rest_route=\/wp\/v2\/posts\/1546\/revisions\/1560"}],"wp:attachment":[{"href":"https:\/\/malanew.org\/index.php?rest_route=%2Fwp%2Fv2%2Fmedia&parent=1546"}],"wp:term":[{"taxonomy":"category","embeddable":true,"href":"https:\/\/malanew.org\/index.php?rest_route=%2Fwp%2Fv2%2Fcategories&post=1546"},{"taxonomy":"post_tag","embeddable":true,"href":"https:\/\/malanew.org\/index.php?rest_route=%2Fwp%2Fv2%2Ftags&post=1546"}],"curies":[{"name":"wp","href":"https:\/\/api.w.org\/{rel}","templated":true}]}}