{"id":1788,"date":"2024-02-19T16:13:17","date_gmt":"2024-02-19T15:13:17","guid":{"rendered":"https:\/\/malanew.org\/?p=1788"},"modified":"2024-02-19T16:24:14","modified_gmt":"2024-02-19T15:24:14","slug":"colloque-des-20-ans-de-lanru","status":"publish","type":"post","link":"https:\/\/malanew.org\/?p=1788","title":{"rendered":"Retour sur le colloque des 20 ans de l&rsquo;ANRU"},"content":{"rendered":"\t\t<div data-elementor-type=\"wp-post\" data-elementor-id=\"1788\" class=\"elementor elementor-1788\">\n\t\t\t\t<div class=\"elementor-element elementor-element-9f35079 e-flex e-con-boxed e-con e-parent\" data-id=\"9f35079\" data-element_type=\"container\" data-e-type=\"container\">\n\t\t\t\t\t<div class=\"e-con-inner\">\n\t\t\t\t<div class=\"elementor-element elementor-element-a6f88c5 elementor-widget elementor-widget-heading\" data-id=\"a6f88c5\" data-element_type=\"widget\" data-e-type=\"widget\" data-widget_type=\"heading.default\">\n\t\t\t\t<div class=\"elementor-widget-container\">\n\t\t\t\t\t<h2 class=\"elementor-heading-title elementor-size-default\">retour sur le colloque des 20 ans de l'ANRU<\/h2>\t\t\t\t<\/div>\n\t\t\t\t<\/div>\n\t\t\t\t<div class=\"elementor-element elementor-element-edba3d5 elementor-widget elementor-widget-text-editor\" data-id=\"edba3d5\" data-element_type=\"widget\" data-e-type=\"widget\" data-widget_type=\"text-editor.default\">\n\t\t\t\t<div class=\"elementor-widget-container\">\n\t\t\t\t\t\t\t\t\t<p style=\"font-weight: 400;\">Debriefing par Katherine Fiumani et Gilles Jacquemot<\/p><p><a href=\"https:\/\/www.anru.fr\/actualites\/20-ans-danru-revivez-le-colloque-du-jeudi-8-fevrier-en-video\" data-saferedirecturl=\"https:\/\/www.google.com\/url?q=https:\/\/www.anru.fr\/actualites\/20-ans-danru-revivez-le-colloque-du-jeudi-8-fevrier-en-video&amp;source=gmail&amp;ust=1708441395386000&amp;usg=AOvVaw0xCuNRbu040Wi76qk9YFoL\">https:\/\/www.anru.fr\/actualites\/20-ans-danru-revivez-le-colloque-du-jeudi-8-fevrier-en-video<\/a>.\u00a0<\/p><p style=\"font-weight: 400;\">A propos de la tr\u00e8s int\u00e9ressante conf\u00e9rence de Franck Boutt\u00e9 \u00ab\u00a0Refaire la ville \u00e0 l\u2019heure de la transition \u00e9cologique\u00a0\u00bb <a href=\"https:\/\/youtu.be\/0QPJCWnsDBE?t=5154\" data-saferedirecturl=\"https:\/\/www.google.com\/url?q=https:\/\/youtu.be\/0QPJCWnsDBE?t%3D5154&amp;source=gmail&amp;ust=1708441395386000&amp;usg=AOvVaw2YjWN8o8qGN1iF_IqASNAp\">https:\/\/youtu.be\/0QPJCWnsDBE?t=5154<\/a> C&rsquo;est l\u2019Urbaniste qui a remport\u00e9 le Grand Prix d\u2019Urbanisme cette ann\u00e9e, son expos\u00e9 \u00e9tait tr\u00e8s bien, avec du sens et p\u00e9dagogique. Il avait projet\u00e9 une photo d\u2019Ivry avec les terrasses plant\u00e9s (et il nous semble que c\u2019est lui qui a parl\u00e9 des espaces de rafraichissement dans les b\u00e2timents), nous sommes all\u00e9s, Gilles et moi, lui dire qu\u2019on habitait \u00e0 la Maladrerie, quartier qui avait tout pour r\u00e9sister aux canicules, avec des arcades et des passages abrit\u00e9s, son visage s\u2019est \u00e9clair\u00e9 \u00e0 l\u2019\u00e9vocation de ces quartiers, il a dit \u00ab\u00a0ah oui, ces architectes \u00e9taient des visionnaires, c\u2019est ce qu\u2019il faudrait faire\u00a0\u00bb. Nous lui avons remis le journal de JTE, sp\u00e9cial hommage \u00e0 Ren\u00e9e G. Il a l\u2019air tr\u00e8s copain avec la directrice de l\u2019ANRU, il doit graviter dans les hautes sph\u00e8res, loin des n\u00f4tres &#8230;<\/p><p style=\"font-weight: 400;\"><u>Les autre intervenants qui m\u00e9ritent d\u2019\u00eatre \u00e9cout\u00e9s, (ils sont dans le programme en PJ).<\/u><\/p><p style=\"font-weight: 400;\">Le matin\u00a0:<\/p><p style=\"font-weight: 400;\">1\u00e8re table ronde \u00e0 10 h 30\u00a0:<\/p><p style=\"font-weight: 400;\">1)<u>\u00a0<strong>Renaud Epstein<\/strong><\/u><strong>,<\/strong>\u00a0sociologue<\/p><p style=\"font-weight: 400;\">2\u00e8me table ronde \u00e0 11 h 30\u00a0:<\/p><p style=\"font-weight: 400;\">2)\u00a0<strong><u>F\u00e9ris Barkat,<\/u><\/strong><u>\u00a0<\/u>fondateur de Banlieues Climat<\/p><p style=\"font-weight: 400;\">3)\u00a0<strong><u>Morgane Nicol<\/u><\/strong><u>\u00a0<\/u>a parl\u00e9 des marais et en particulier de la richesse du contexte d\u2019un quartier \u00e0 \u00e9tudier, avec un discours assez po\u00e9tique<\/p><p style=\"font-weight: 400;\">\u00a0<\/p><p style=\"font-weight: 400;\">L\u2019apr\u00e8s-midi\u00a0:<\/p><p style=\"font-weight: 400;\">4)<strong><u>Tommaso Vitale,\u00a0<\/u><\/strong>en ouverture\u00a0: pas mal, un peu abstrait, mais pas ennuyeux.<\/p><p style=\"font-weight: 400;\">1\u00e8re table ronde\u00a0: rien d\u2019original.<\/p><p style=\"font-weight: 400;\">2\u00e8me table ronde \u00e0 15 h 45\u00a0:<\/p><p style=\"font-weight: 400;\">5)\u00a0<strong><u>Ilham Grefi<\/u><\/strong>, habitante du Mirail \u00e0 Toulouse, elle a pos\u00e9 des questions qui sont les n\u00f4tres, elle a cit\u00e9 le Collectif STOP DEMOLITIONS ANRU, Michel Retbi de Toulouse de ce Collectif ne la connaissait pas, il a pris contact avec elle.<\/p><p style=\"font-weight: 400;\">6)<strong><u>Julien Talpin<\/u><\/strong>\u00a0a eu une phrase stimulante\u00a0:<\/p><p style=\"font-weight: 400;\">\u00ab\u00a0La d\u00e9mocratie ou le feu, le pouvoir d\u2019agir ou rien\u00a0\u00bb\u00a0!<\/p><p style=\"font-weight: 400;\">Il y avait un public d\u2019environ 1000 personnes, c\u2019\u00e9tait vraiment une grande messe, avec ministre, personnalit\u00e9s, et tout le tralala.\u00a0Cela d\u00e9marrait tr\u00e8s mal avec les 4 premiers intervenants, surtout Hannotin, nous pensions ne pas tenir toute la journ\u00e9e avec leurs discours de technocrates satisfaits des 20 ans de l\u2019ANRU. Avec F. Boutt\u00e9 nous avons eu un peu d\u2019oxyg\u00e8ne.\u00a0Et ensuite avec les 6 autres c\u2019\u00e9tait tr\u00e8s bien, nous avons tenu le coup, comme quoi l\u2019ANRU avait su choisir des intervenants pas forc\u00e9ment du s\u00e9rail et frondeurs \u00a0(remarquez, l\u2019ANRU ne prenait pas non plus beaucoup de risques en les invitant). Les\u00a0<a href=\"http:\/\/intervenant.es\/\" data-saferedirecturl=\"https:\/\/www.google.com\/url?q=http:\/\/intervenant.es&amp;source=gmail&amp;ust=1708441395385000&amp;usg=AOvVaw2ibra8OQg-CRDskzQWqIvH\">intervenant.es<\/a>\u00a0les plus\u00a0<a href=\"http:\/\/applaudi.es\/\" data-saferedirecturl=\"https:\/\/www.google.com\/url?q=http:\/\/applaudi.es&amp;source=gmail&amp;ust=1708441395385000&amp;usg=AOvVaw2VEIhkvQMSxevGxxvpz5gs\">applaudi.es<\/a>\u00a0\u00e9taient celles, ceux qu\u2019on vous a indiqu\u00e9.es.<\/p><p style=\"font-weight: 400;\">A la cl\u00f4ture, si vous \u00e9coutez la version audio, Emmanuelle Cosse a quand m\u00eame dit, qu\u2019au cours de ces 20 ans, l\u2019ANRU aurait pu faire preuve de plus d\u2019assouplissements sur certains quartiers\u00a0!! Et bien esp\u00e9rons que l\u2019ANRU en tire les enseignements pour nos demandes d\u2019aujourd\u2019hui.<\/p><p style=\"font-weight: 400;\">Il faut rappeler que la veille de ce colloque, le mercredi 7 f\u00e9vrier, il y a eu la journ\u00e9e d\u2019actions de STOP DEMOLITIONS ANRU avec\u00a0:<\/p><p style=\"font-weight: 400;\">un rassemblement important des Collectifs de toute la France devant le si\u00e8ge de l\u2019ANRU \u00e0 Pantin,<\/p><p style=\"font-weight: 400;\">+ une d\u00e9l\u00e9gation de 12 personnes (Amel de notre Collectif en faisait partie) qui a \u00e9t\u00e9 re\u00e7ue par Anne-Claire Mialot, Directrice de l\u2019ANRU<\/p><p style=\"font-weight: 400;\">+ l\u2019apr\u00e8s-midi une conf\u00e9rence de presse \u00e0 Paris, Agn\u00e8s vous a envoy\u00e9 tous les articles parus.<\/p><p style=\"font-weight: 400;\">Au cours d\u2019une prochaine d\u00e9l\u00e9gation dans 2 ou 3 semaines Amel devrait remettre \u00e0 la directrice le dossier d\u2019Inscription aux Monuments Historiques que Sophie a d\u00e9pos\u00e9 pour le Collectif.<\/p><p style=\"font-weight: 400;\">Que nous puissions participer \u00e0 cette d\u00e9l\u00e9gation \u00e9tait tr\u00e8s important car il faut aussi rappeler que notre Collectif Maladrerie demande \u00e0 rencontrer l\u2019ANRU depuis presque 3 ans,\u00a0quand Amel a pris la parole \u00e0 la d\u00e9l\u00e9gation, Anne-Claire Mialot a indiqu\u00e9 qu\u2019elle connaissait la Maladrerie, nous verrons bien \u2026<\/p><p style=\"font-weight: 400;\">Katherine et Gilles<\/p><p style=\"font-weight: 400;\">\u00a0<\/p>\t\t\t\t\t\t\t\t<\/div>\n\t\t\t\t<\/div>\n\t\t\t\t\t<\/div>\n\t\t\t\t<\/div>\n\t\t\t\t<\/div>\n\t\t","protected":false},"excerpt":{"rendered":"<p>retour sur le colloque des 20 ans de l&rsquo;ANRU Debriefing par Katherine Fiumani et Gilles Jacquemot https:\/\/www.anru.fr\/actualites\/20-ans-danru-revivez-le-colloque-du-jeudi-8-fevrier-en-video.\u00a0 A propos de la tr\u00e8s int\u00e9ressante conf\u00e9rence de Franck Boutt\u00e9 \u00ab\u00a0Refaire la ville \u00e0 l\u2019heure de la transition \u00e9cologique\u00a0\u00bb https:\/\/youtu.be\/0QPJCWnsDBE?t=5154 C&rsquo;est l\u2019Urbaniste qui a remport\u00e9 le Grand Prix d\u2019Urbanisme cette ann\u00e9e, son expos\u00e9 \u00e9tait tr\u00e8s bien, avec du [&hellip;]<\/p>\n","protected":false},"author":1,"featured_media":0,"comment_status":"closed","ping_status":"open","sticky":false,"template":"","format":"standard","meta":{"footnotes":""},"categories":[1],"tags":[],"class_list":["post-1788","post","type-post","status-publish","format-standard","hentry","category-blog"],"_links":{"self":[{"href":"https:\/\/malanew.org\/index.php?rest_route=\/wp\/v2\/posts\/1788","targetHints":{"allow":["GET"]}}],"collection":[{"href":"https:\/\/malanew.org\/index.php?rest_route=\/wp\/v2\/posts"}],"about":[{"href":"https:\/\/malanew.org\/index.php?rest_route=\/wp\/v2\/types\/post"}],"author":[{"embeddable":true,"href":"https:\/\/malanew.org\/index.php?rest_route=\/wp\/v2\/users\/1"}],"replies":[{"embeddable":true,"href":"https:\/\/malanew.org\/index.php?rest_route=%2Fwp%2Fv2%2Fcomments&post=1788"}],"version-history":[{"count":5,"href":"https:\/\/malanew.org\/index.php?rest_route=\/wp\/v2\/posts\/1788\/revisions"}],"predecessor-version":[{"id":1793,"href":"https:\/\/malanew.org\/index.php?rest_route=\/wp\/v2\/posts\/1788\/revisions\/1793"}],"wp:attachment":[{"href":"https:\/\/malanew.org\/index.php?rest_route=%2Fwp%2Fv2%2Fmedia&parent=1788"}],"wp:term":[{"taxonomy":"category","embeddable":true,"href":"https:\/\/malanew.org\/index.php?rest_route=%2Fwp%2Fv2%2Fcategories&post=1788"},{"taxonomy":"post_tag","embeddable":true,"href":"https:\/\/malanew.org\/index.php?rest_route=%2Fwp%2Fv2%2Ftags&post=1788"}],"curies":[{"name":"wp","href":"https:\/\/api.w.org\/{rel}","templated":true}]}}