{"id":1986,"date":"2024-06-16T12:03:03","date_gmt":"2024-06-16T10:03:03","guid":{"rendered":"https:\/\/malanew.org\/?p=1986"},"modified":"2024-06-19T12:14:24","modified_gmt":"2024-06-19T10:14:24","slug":"jardins-ouvriers-daubervilliers-de-nouveau-en-danger","status":"publish","type":"post","link":"https:\/\/malanew.org\/?p=1986","title":{"rendered":"Jardins ouvriers d&rsquo;Aubervilliers de nouveau en danger"},"content":{"rendered":"\t\t<div data-elementor-type=\"wp-post\" data-elementor-id=\"1986\" class=\"elementor elementor-1986\">\n\t\t\t\t<div class=\"elementor-element elementor-element-2696ae1f e-flex e-con-boxed e-con e-parent\" data-id=\"2696ae1f\" data-element_type=\"container\" data-e-type=\"container\">\n\t\t\t\t\t<div class=\"e-con-inner\">\n\t\t\t\t<div class=\"elementor-element elementor-element-540d0e71 elementor-widget elementor-widget-text-editor\" data-id=\"540d0e71\" data-element_type=\"widget\" data-e-type=\"widget\" data-widget_type=\"text-editor.default\">\n\t\t\t\t<div class=\"elementor-widget-container\">\n\t\t\t\t\t\t\t\t\t\t\t\t\t\t\t\t\t<\/div>\n\t\t\t\t<\/div>\n\t\t\t\t\t<\/div>\n\t\t\t\t<\/div>\n\t\t<div class=\"elementor-element elementor-element-5c25e61 e-flex e-con-boxed e-con e-parent\" data-id=\"5c25e61\" data-element_type=\"container\" data-e-type=\"container\">\n\t\t\t\t\t<div class=\"e-con-inner\">\n\t\t<div class=\"elementor-element elementor-element-9e5f4d5 e-con-full e-flex e-con e-child\" data-id=\"9e5f4d5\" data-element_type=\"container\" data-e-type=\"container\">\n\t\t\t\t<div class=\"elementor-element elementor-element-5b794d8 elementor-widget elementor-widget-text-editor\" data-id=\"5b794d8\" data-element_type=\"widget\" data-e-type=\"widget\" data-widget_type=\"text-editor.default\">\n\t\t\t\t<div class=\"elementor-widget-container\">\n\t\t\t\t\t\t\t\t\t<p><strong>Jardins ouvriers d\u2019Aubervilliers:\u00a0<\/strong><\/p>\n<p><strong>Quatre ans de Luttes pour les Jardins ouvriers d&rsquo;Aubervilliers<\/strong><\/p>\n<p>Depuis pr\u00e8s de cent ans, les Jardins ouvriers des Vertus d&rsquo;Aubervilliers prolongent l&rsquo;histoire mara\u00eech\u00e8re centenaire de la Seine-Saint-Denis et de la plaine des Vertus. Mais \u00e0 partir des ann\u00e9es 1950, ils sont amput\u00e9s tous les vingt ans environ par des projets d&rsquo;urbanisme.<\/p>\n<p>Depuis 2020, Le collectif de d\u00e9fense des Jardins des vertus se bat pour la pr\u00e9servation des jardins ouvriers des Vertus du Fort d&rsquo;Aubervilliers, face aux b\u00e9tonneurs, \u00e0 la gentrification, et aux app\u00e9tits financiers. De 2020 \u00e0 2023, contre la construction d&rsquo;un solarium attenant \u00e0 une piscine olympique d&rsquo;entra\u00eenement ; de 2022 \u00e0 2024, contre l&rsquo;implantation d&rsquo;une gare du Grand Paris Express d\u00e9mesur\u00e9e. En 2024, contre l&rsquo;impact \u00e9ventuel du futur p\u00f4le inter-modal, voulu par Plaine Commune autour de la gare qui menace \u00e0 nouveau des terres. Et dans le futur qui sait\u2026<\/p>\n<p>Les soci\u00e9t\u00e9s d&rsquo;investissement immobili\u00e8res, souhait\u00e9es par Karine Franclet et son \u00e9quipe actuelle densifient le tissu urbain d&rsquo;Aubervilliers. La ville devient m\u00eame un \u00ab\u00a0espace d&rsquo;exp\u00e9rimentation urbaine\u00a0\u00bb, en \u00e9tant commune laur\u00e9ate d&rsquo;un programme \u00ab\u00a0quartier m\u00e9tropolitain d&rsquo;innovation\u00a0\u00bb de la M\u00e9tropole du Grand Paris. En face, de nombreux collectifs d&rsquo;habitant.e.s, locaux ou nationaux, se cr\u00e9ent pour protester. Contre la destruction des Jardins. Contre la r\u00e9novation a marche forc\u00e9e des quartiers populaires. Contre l&rsquo;urbanisation \u00e0 outrance.<\/p>\n<p>Patrimoine mara\u00eecher pr\u00e9cieux, ces jardins profitent non seulement \u00e0 des centaines de personnes pour une production vivri\u00e8re locale de subsistance mais ils sont aussi essentiels pour la biodiversit\u00e9, pour la lutte contre le r\u00e9chauffement climatique, et pour proposer des espaces d&rsquo;\u00e9changes, de convivialit\u00e9 et d&rsquo;apprentissage en dehors de la sph\u00e8re marchande et productiviste. Dans les jardins, on cultive bien plus que des l\u00e9gumes!<\/p>\n<p><strong>Urbanisation : des choix politiques contre les classes populaires<\/strong><\/p>\n<p>La lutte des Jardins s&rsquo;inscrit dans un contexte d&rsquo;intense fr\u00e9n\u00e9sie immobili\u00e8re. Aubervilliers est la ville de la petite couronne de Paris qui est la moins ch\u00e8re, et aussi celle qui compte encore beaucoup de friches, ou d&rsquo;anciennes usines, commerces, et autres attendant leur reconversion. S&rsquo;ajoutent \u00e0 \u00e7a l&rsquo;arriv\u00e9e de la ligne 12 du m\u00e9tro r\u00e9cemment, et celle de la ligne 15 pr\u00e9vue pour 2031. C&rsquo;est donc le paradis, mais pas pour les habitant.es. Pour les promoteurs, ce sont des march\u00e9s \u00e0 conqu\u00e9rir, et pour les sp\u00e9culateurs, des appartements \u00e0 acheter qui prendront &#8211; peut-\u00eatre &#8211; de la valeur rapidement. La nouvelle Maire de droite, Karine Franclet, assume clairement une politique en faveur des classes moyennes, pourtant peu nombreuses, en favorisant les permis de construire des promoteurs et en r\u00e9duisant la part de nouveaux logements sociaux qui sont construits. On sait que les cons\u00e9quences seront l&rsquo;augmentation des loyers et que les classes populaires seront forc\u00e9es d&rsquo;aller voir ailleurs.<\/p>\n<p>Globalement, la population augmente bien plus vite qu&rsquo;ailleurs, et comme les immeubles poussent plus vite que les parcs, Aubervilliers est aussi la ville la plus pauvre en espaces verts de la banlieue Parisienne, \u00e0 1,3 m\u00b2 \/hab, loin des 10 m2\/hab. recommand\u00e9s par l&rsquo;Organisation Mondiale de la Sant\u00e9 (OMS). Autour des Jardins des Vertus, deux projets d&rsquo;envergure illustrent parfaitement cette situation. Le Quartier Maladrerie \/Emile Dubois est dans le viseur de L&rsquo;Agence Nationale de R\u00e9novation Urbaine (ANRU). En tout, 1600 logements sociaux en mauvais \u00e9tat, qui ont effectivement besoin de r\u00e9novation. Mais le projet ici sera d&rsquo;en d\u00e9truire une grande partie pour en reconstruire des neufs, plus nombreux et plus chers. R\u00e9sultat : environ 1000 habitant.e.s vont devoir quitter le quartier qui sera \u00e0 terme plus dense, avec moins d&rsquo;espaces verts. Et le bilan carbone de l&rsquo;op\u00e9ration n&rsquo;est pas bon, car d\u00e9truire des immeubles en b\u00e9ton pour en reconstruire est climaticide, le secteur du b\u00e2timent \u00e9tant le quatri\u00e8me en termes d&rsquo;\u00e9mission de CO2. De l&rsquo;autre cot\u00e9 de la nationale, l&rsquo;ancien fort d&rsquo;Aubervilliers subit plus ou moins le m\u00eame sort. Sous l&rsquo;appellation \u00a0\u00bb \u00e9co-quartier \u00ab\u00a0, ce sont 1800 logements en b\u00e9ton de 7-9 \u00e9tages, coll\u00e9s les uns sur les autres qui sont en train d&rsquo;\u00eatre construits. La vente de ce terrain public aux promoteurs est le p\u00e9ch\u00e9 originel de l&rsquo;urbanisation du quartier. Il a malheureusement \u00e9t\u00e9 valid\u00e9 par toutes les \u00e9quipes politiques pass\u00e9es \u00e0 la mairie (communiste et socialiste, puis droite). En effet, il aurait \u00e9t\u00e9 possible de construire la piscine (avec un espace ext\u00e9rieur), et m\u00eame un grand parc sur ce terrain atypique d&rsquo;une trentaine d&rsquo;hectares, entour\u00e9 de remparts et de douves. En choisissant l&rsquo;option la plus dense, les politiques et les urbanistes se sont retrouv\u00e9s coinc\u00e9s pour loger \u00e0 la fois la piscine et la gare de la ligne 15 sur un carrefour. Et ce sont les Jardins qui devraient en payer le prix ?<\/p>\n<p>Les d\u00e9buts de la lutte<\/p>\n<p>A partir de l&rsquo;\u00e9t\u00e9 2020, des jardini\u00e8res, jardiniers, et habitant\u00b7e\u00b7s commencent \u00e0 se r\u00e9unir apr\u00e8s avoir appris qu&rsquo;une partie des jardins \u00e9tait menac\u00e9e par la construction d&rsquo;un solarium sur 4000 m\u00e8tres carr\u00e9s des jardins. Il s&rsquo;agit d&rsquo;un bassin olympique d&rsquo;entra\u00eenement, puisqu&rsquo;aucune comp\u00e9tition n&rsquo;y aura lieu. Le collectif maintient que la piscine peut se constuire sans toucher aux jardins, et que dans l&rsquo;id\u00e9al, un bassin plus modeste aurait \u00e9t\u00e9 suffisant pour les habitant.e.s. La construction est rendue possible par le nouveau Plan Local d&rsquo;Urbanisme (PLUi) qui rend constructible certaines parcelles des Jardins des Vertus, PLUi attaqu\u00e9 par des jardinier\u00b7e\u00b7s. Le collectif de d\u00e9fense des jardins se constitue \u00e0 l&rsquo;automne et va commencer \u00e0 mener la lutte sur plusieurs plans- juridique, politique, m\u00e9diatique&#8230; Il faut visibiliser la lutte et la sortir des jardins. Cela se fait \u00e0 la fois par une interpellation du public gr\u00e2ce aux m\u00e9dias, avec notamment une premi\u00e8re tribune publi\u00e9e sur Lib\u00e9ration, une ouverture des jardins au public, gr\u00e2ce \u00e0 des visites r\u00e9guli\u00e8res qui rencontrent vite un grand succ\u00e8s, le lancement d&rsquo;une p\u00e9tition, d&rsquo;une cagnotte et d&rsquo;un site en ligne, la production de documents d\u00e9montrant l&rsquo;absurdit\u00e9 et la d\u00e9mesure du projet, la distribution de tracts et de graines de la lutte, l&rsquo;interpellation des politiques, et la visibilisation de la lutte dans l&rsquo;espace public par des affichages&#8230; Aid\u00e9 par un architecte engag\u00e9, le collectif propose \u00e0 la mairie un projet alternatif pour la piscine, mais en face le collectif se heurte \u00e0 un mur. Les d\u00e9cideurs tiennent \u00e0 leur solarium anachronique et refusent de revoir leur projet.<\/p>\n<p>\u00a0<\/p>\t\t\t\t\t\t\t\t<\/div>\n\t\t\t\t<\/div>\n\t\t\t\t<\/div>\n\t\t<div class=\"elementor-element elementor-element-06d01f8 e-con-full e-flex e-con e-child\" data-id=\"06d01f8\" data-element_type=\"container\" data-e-type=\"container\">\n\t\t<div class=\"elementor-element elementor-element-8461d63 e-flex e-con-boxed e-con e-child\" data-id=\"8461d63\" data-element_type=\"container\" data-e-type=\"container\">\n\t\t\t\t\t<div class=\"e-con-inner\">\n\t\t\t\t<div class=\"elementor-element elementor-element-29a65a0 elementor-widget elementor-widget-image\" data-id=\"29a65a0\" data-element_type=\"widget\" data-e-type=\"widget\" data-widget_type=\"image.default\">\n\t\t\t\t<div class=\"elementor-widget-container\">\n\t\t\t\t\t\t\t\t\t\t\t\t\t\t\t<img fetchpriority=\"high\" decoding=\"async\" width=\"434\" height=\"614\" src=\"https:\/\/malanew.org\/wp-content\/uploads\/2024\/06\/affiche23.jpg\" class=\"attachment-large size-large wp-image-1988\" alt=\"\" srcset=\"https:\/\/malanew.org\/wp-content\/uploads\/2024\/06\/affiche23.jpg 434w, https:\/\/malanew.org\/wp-content\/uploads\/2024\/06\/affiche23-212x300.jpg 212w\" sizes=\"(max-width: 434px) 100vw, 434px\" \/>\t\t\t\t\t\t\t\t\t\t\t\t\t\t\t<\/div>\n\t\t\t\t<\/div>\n\t\t\t\t<div class=\"elementor-element elementor-element-04c8b61 elementor-widget elementor-widget-text-editor\" data-id=\"04c8b61\" data-element_type=\"widget\" data-e-type=\"widget\" data-widget_type=\"text-editor.default\">\n\t\t\t\t<div class=\"elementor-widget-container\">\n\t\t\t\t\t\t\t\t\t<p><a href=\"https:\/\/www.jardinsaubervilliers.fr\/lutte.html\">https:\/\/www.jardinsaubervilliers.fr\/<\/a><\/p>\n<p>\u00a0<\/p>\t\t\t\t\t\t\t\t<\/div>\n\t\t\t\t<\/div>\n\t\t\t\t\t<\/div>\n\t\t\t\t<\/div>\n\t\t<div class=\"elementor-element elementor-element-17ecdd2 e-flex e-con-boxed e-con e-child\" data-id=\"17ecdd2\" data-element_type=\"container\" data-e-type=\"container\">\n\t\t\t\t\t<div class=\"e-con-inner\">\n\t\t\t\t\t<\/div>\n\t\t\t\t<\/div>\n\t\t\t\t<\/div>\n\t\t\t\t\t<\/div>\n\t\t\t\t<\/div>\n\t\t\t\t<\/div>\n\t\t","protected":false},"excerpt":{"rendered":"<p>Jardins ouvriers d\u2019Aubervilliers:\u00a0 Quatre ans de Luttes pour les Jardins ouvriers d&rsquo;Aubervilliers Depuis pr\u00e8s de cent ans, les Jardins ouvriers des Vertus d&rsquo;Aubervilliers prolongent l&rsquo;histoire mara\u00eech\u00e8re centenaire de la Seine-Saint-Denis et de la plaine des Vertus. Mais \u00e0 partir des ann\u00e9es 1950, ils sont amput\u00e9s tous les vingt ans environ par des projets d&rsquo;urbanisme. Depuis [&hellip;]<\/p>\n","protected":false},"author":1,"featured_media":0,"comment_status":"closed","ping_status":"open","sticky":false,"template":"","format":"standard","meta":{"footnotes":""},"categories":[1],"tags":[],"class_list":["post-1986","post","type-post","status-publish","format-standard","hentry","category-blog"],"_links":{"self":[{"href":"https:\/\/malanew.org\/index.php?rest_route=\/wp\/v2\/posts\/1986","targetHints":{"allow":["GET"]}}],"collection":[{"href":"https:\/\/malanew.org\/index.php?rest_route=\/wp\/v2\/posts"}],"about":[{"href":"https:\/\/malanew.org\/index.php?rest_route=\/wp\/v2\/types\/post"}],"author":[{"embeddable":true,"href":"https:\/\/malanew.org\/index.php?rest_route=\/wp\/v2\/users\/1"}],"replies":[{"embeddable":true,"href":"https:\/\/malanew.org\/index.php?rest_route=%2Fwp%2Fv2%2Fcomments&post=1986"}],"version-history":[{"count":16,"href":"https:\/\/malanew.org\/index.php?rest_route=\/wp\/v2\/posts\/1986\/revisions"}],"predecessor-version":[{"id":2009,"href":"https:\/\/malanew.org\/index.php?rest_route=\/wp\/v2\/posts\/1986\/revisions\/2009"}],"wp:attachment":[{"href":"https:\/\/malanew.org\/index.php?rest_route=%2Fwp%2Fv2%2Fmedia&parent=1986"}],"wp:term":[{"taxonomy":"category","embeddable":true,"href":"https:\/\/malanew.org\/index.php?rest_route=%2Fwp%2Fv2%2Fcategories&post=1986"},{"taxonomy":"post_tag","embeddable":true,"href":"https:\/\/malanew.org\/index.php?rest_route=%2Fwp%2Fv2%2Ftags&post=1986"}],"curies":[{"name":"wp","href":"https:\/\/api.w.org\/{rel}","templated":true}]}}