{"id":2287,"date":"2025-11-05T16:44:47","date_gmt":"2025-11-05T15:44:47","guid":{"rendered":"https:\/\/malanew.org\/?p=2287"},"modified":"2025-11-05T16:44:47","modified_gmt":"2025-11-05T15:44:47","slug":"de-leau-et-des-gestes-a-laquarium","status":"publish","type":"post","link":"https:\/\/malanew.org\/?p=2287","title":{"rendered":"De l&rsquo;eau et des gestes \u00e0 l&rsquo;Aquarium"},"content":{"rendered":"\t\t<div data-elementor-type=\"wp-post\" data-elementor-id=\"2287\" class=\"elementor elementor-2287\">\n\t\t\t\t<div class=\"elementor-element elementor-element-657d4eca e-flex e-con-boxed e-con e-parent\" data-id=\"657d4eca\" data-element_type=\"container\" data-e-type=\"container\">\n\t\t\t\t\t<div class=\"e-con-inner\">\n\t\t\t\t<div class=\"elementor-element elementor-element-5de9e807 elementor-widget elementor-widget-text-editor\" data-id=\"5de9e807\" data-element_type=\"widget\" data-e-type=\"widget\" data-widget_type=\"text-editor.default\">\n\t\t\t\t<div class=\"elementor-widget-container\">\n\t\t\t\t\t\t\t\t\t<figure class=\"wp-block-image\">\n<h3>Le bureau des heures invisibles a le plaisir de vous inviter \u00e0 une s\u00e9rie d&rsquo;ateliers\/co-cr\u00e9ation d&rsquo;oeuvres autour de l&rsquo;exposition\u00a0<strong>Lilit Letourneur,\u00a0<\/strong><em><strong>Projet Aquarium: De l\u2019eau et des gestes<\/strong><\/em><br \/>Mediath\u00e8que Henri Michaud,\u00a0\u00a027 bis rue Lopez et Jules Martin &#8211; Aubervilliers<br \/>Exposition jusqu&rsquo;au samedi 25 janvier, 2026<\/h3>\n<h3>Lilit Letourneur\u00a0fait la rencontre de l&rsquo;Atelier La D\u00e9brouille, lors de son stage au bhi en 2024\/2025. De l\u00e0 elle co-cr\u00e9e une s\u00e9rie d&rsquo;oeuvres pr\u00e9sent\u00e9es dans le contexte de son dipl\u00f4me en art,\u00a0design et transition \u00e0 l&rsquo;ESAM.\u00a0<br \/><br \/>\u00ab\u00a0Dans le cadre de la future d\u00e9molition du b\u00e2timent \u00abAquarium\u00bb accueillant plusieurs associations dont une de couture, j\u2019ai men\u00e9 une permanence artistique d\u2019un mois. Cette pr\u00e9sence m\u2019a permis de rencontrer et de collaborer avec les femmes qui fr\u00e9quentent cet espace, en ouvrant un dialogue autour des dimensions symboliques, sociales et personnelles li\u00e9es \u00e0 cette disparition. Au terme de ce travail collectif, une structure de 6 m\u00e8tres sur 2,5 m\u00e8tres a \u00e9t\u00e9 construite. Elle reprend les dimensions exactes d\u2019une partie du b\u00e2timent qui fait office d\u2019espace public d\u00e9di\u00e9 aux femmes. D\u2019autres \u0153uvres compl\u00e9mentaires ont \u00e9galement \u00e9t\u00e9 cr\u00e9\u00e9es, comme un carnet de bord vid\u00e9o reprenant les \u00e9tapes de cr\u00e9ation, des photographies pr\u00e9sentant l\u2019atmosph\u00e8re du lieu et un livre en tissu retra\u00e7ant le chemin des femmes se rendant \u00e0 l\u2019Aquarium.\u00a0\u00bb Lilit Letourneur<br \/>Un lien vers une vid\u00e9o autour de la production du projet\u00a0est disponible\u00a0<a href=\"https:\/\/gmail.us17.list-manage.com\/track\/click?u=18fdaf9e6b488003a8db9871a&amp;id=8abd4dacaf&amp;e=e97bc1e89b\" target=\"_blank\" rel=\"noreferrer noopener\">ici<\/a>.<\/h3>\n<h3><strong>Lilit\u00a0Letourneur\u00a0<\/strong>est une artiste\u00a0fran\u00e7aise d\u2019origine arm\u00e9nienne, n\u00e9e en 1996.Dipl\u00f4m\u00e9e de l\u2019\u00c9cole sup\u00e9rieure d\u2019art et m\u00e9dias de Caen et de Sciences Po Rennes, elle d\u00e9veloppe une pratique \u00e0 la crois\u00e9e de l\u2019art participatif, de la recherche sociale et de l\u2019exp\u00e9rimentation collective. Son travail explore la cr\u00e9ation comme un espace d\u2019\u00e9change, de dialogue et de co-construction, o\u00f9 la cr\u00e9ativit\u00e9 devient un outil d\u2019engagement et de transformation sociale.<\/h3>\n<\/figure>\n<h3><!-- \/wp:image --><\/h3>\n<h3><!-- wp:paragraph --><\/h3>\n<h3>\u00a0<\/h3>\n<p><!-- \/wp:paragraph --><\/p>\t\t\t\t\t\t\t\t<\/div>\n\t\t\t\t<\/div>\n\t\t\t\t<div class=\"elementor-element elementor-element-3fbf7ce elementor-widget elementor-widget-image\" data-id=\"3fbf7ce\" data-element_type=\"widget\" data-e-type=\"widget\" data-widget_type=\"image.default\">\n\t\t\t\t<div class=\"elementor-widget-container\">\n\t\t\t\t\t\t\t\t\t\t\t\t\t\t\t<img fetchpriority=\"high\" decoding=\"async\" width=\"683\" height=\"1024\" src=\"https:\/\/malanew.org\/wp-content\/uploads\/2025\/11\/unnamed-683x1024.jpg\" class=\"attachment-large size-large wp-image-2288\" alt=\"\" srcset=\"https:\/\/malanew.org\/wp-content\/uploads\/2025\/11\/unnamed-683x1024.jpg 683w, https:\/\/malanew.org\/wp-content\/uploads\/2025\/11\/unnamed-200x300.jpg 200w, https:\/\/malanew.org\/wp-content\/uploads\/2025\/11\/unnamed-768x1152.jpg 768w, https:\/\/malanew.org\/wp-content\/uploads\/2025\/11\/unnamed-1024x1536.jpg 1024w, https:\/\/malanew.org\/wp-content\/uploads\/2025\/11\/unnamed-1365x2048.jpg 1365w, https:\/\/malanew.org\/wp-content\/uploads\/2025\/11\/unnamed-scaled.jpg 1707w\" sizes=\"(max-width: 683px) 100vw, 683px\" \/>\t\t\t\t\t\t\t\t\t\t\t\t\t\t\t<\/div>\n\t\t\t\t<\/div>\n\t\t\t\t\t<\/div>\n\t\t\t\t<\/div>\n\t\t<div class=\"elementor-element elementor-element-904e1e2 e-flex e-con-boxed e-con e-parent\" data-id=\"904e1e2\" data-element_type=\"container\" data-e-type=\"container\">\n\t\t\t\t\t<div class=\"e-con-inner\">\n\t\t\t\t\t<\/div>\n\t\t\t\t<\/div>\n\t\t\t\t<\/div>\n\t\t","protected":false},"excerpt":{"rendered":"<p>Le bureau des heures invisibles a le plaisir de vous inviter \u00e0 une s\u00e9rie d&rsquo;ateliers\/co-cr\u00e9ation d&rsquo;oeuvres autour de l&rsquo;exposition\u00a0Lilit Letourneur,\u00a0Projet Aquarium: De l\u2019eau et des gestesMediath\u00e8que Henri Michaud,\u00a0\u00a027 bis rue Lopez et Jules Martin &#8211; AubervilliersExposition jusqu&rsquo;au samedi 25 janvier, 2026 Lilit Letourneur\u00a0fait la rencontre de l&rsquo;Atelier La D\u00e9brouille, lors de son stage au bhi [&hellip;]<\/p>\n","protected":false},"author":1,"featured_media":0,"comment_status":"closed","ping_status":"open","sticky":false,"template":"","format":"standard","meta":{"footnotes":""},"categories":[1],"tags":[],"class_list":["post-2287","post","type-post","status-publish","format-standard","hentry","category-blog"],"_links":{"self":[{"href":"https:\/\/malanew.org\/index.php?rest_route=\/wp\/v2\/posts\/2287","targetHints":{"allow":["GET"]}}],"collection":[{"href":"https:\/\/malanew.org\/index.php?rest_route=\/wp\/v2\/posts"}],"about":[{"href":"https:\/\/malanew.org\/index.php?rest_route=\/wp\/v2\/types\/post"}],"author":[{"embeddable":true,"href":"https:\/\/malanew.org\/index.php?rest_route=\/wp\/v2\/users\/1"}],"replies":[{"embeddable":true,"href":"https:\/\/malanew.org\/index.php?rest_route=%2Fwp%2Fv2%2Fcomments&post=2287"}],"version-history":[{"count":2,"href":"https:\/\/malanew.org\/index.php?rest_route=\/wp\/v2\/posts\/2287\/revisions"}],"predecessor-version":[{"id":2290,"href":"https:\/\/malanew.org\/index.php?rest_route=\/wp\/v2\/posts\/2287\/revisions\/2290"}],"wp:attachment":[{"href":"https:\/\/malanew.org\/index.php?rest_route=%2Fwp%2Fv2%2Fmedia&parent=2287"}],"wp:term":[{"taxonomy":"category","embeddable":true,"href":"https:\/\/malanew.org\/index.php?rest_route=%2Fwp%2Fv2%2Fcategories&post=2287"},{"taxonomy":"post_tag","embeddable":true,"href":"https:\/\/malanew.org\/index.php?rest_route=%2Fwp%2Fv2%2Ftags&post=2287"}],"curies":[{"name":"wp","href":"https:\/\/api.w.org\/{rel}","templated":true}]}}