{"id":35,"date":"2018-09-25T09:43:09","date_gmt":"2018-09-25T09:43:09","guid":{"rendered":"https:\/\/demo.themegrill.com\/zakra-gutenberg\/?p=35"},"modified":"2024-02-05T10:27:19","modified_gmt":"2024-02-05T09:27:19","slug":"lamco-nisi-sunt-velit-quis-sint-anim-nisi-sunt-lorem-in","status":"publish","type":"post","link":"https:\/\/malanew.org\/?p=35","title":{"rendered":"Pour le regroupement national de collectifs et d&rsquo;associations \u00ab\u00a0Stop aux d\u00e9molitions ANRU\u00a0\u00bb"},"content":{"rendered":"\t\t<div data-elementor-type=\"wp-post\" data-elementor-id=\"35\" class=\"elementor elementor-35\">\n\t\t\t\t<div class=\"elementor-element elementor-element-3f54ca2 e-flex e-con-boxed e-con e-parent\" data-id=\"3f54ca2\" data-element_type=\"container\" data-e-type=\"container\">\n\t\t\t\t\t<div class=\"e-con-inner\">\n\t\t\t\t<div class=\"elementor-element elementor-element-60e3a5a elementor-widget elementor-widget-wp-widget-archives\" data-id=\"60e3a5a\" data-element_type=\"widget\" data-e-type=\"widget\" data-widget_type=\"wp-widget-archives.default\">\n\t\t\t\t<div class=\"elementor-widget-container\">\n\t\t\t\t\t<h5>Archives<\/h5>\t\t<label class=\"screen-reader-text\" for=\"archives-dropdown-REPLACE_TO_ID\">Archives<\/label>\n\t\t<select id=\"archives-dropdown-REPLACE_TO_ID\" name=\"archive-dropdown\">\n\t\t\t\n\t\t\t<option value=\"\">S\u00e9lectionner un mois<\/option>\n\t\t\t\t<option value='https:\/\/malanew.org\/?m=202511'> novembre 2025 &nbsp;(1)<\/option>\n\t<option value='https:\/\/malanew.org\/?m=202504'> avril 2025 &nbsp;(1)<\/option>\n\t<option value='https:\/\/malanew.org\/?m=202412'> d\u00e9cembre 2024 &nbsp;(1)<\/option>\n\t<option value='https:\/\/malanew.org\/?m=202411'> novembre 2024 &nbsp;(2)<\/option>\n\t<option value='https:\/\/malanew.org\/?m=202407'> juillet 2024 &nbsp;(2)<\/option>\n\t<option value='https:\/\/malanew.org\/?m=202406'> juin 2024 &nbsp;(4)<\/option>\n\t<option value='https:\/\/malanew.org\/?m=202403'> mars 2024 &nbsp;(2)<\/option>\n\t<option value='https:\/\/malanew.org\/?m=202402'> f\u00e9vrier 2024 &nbsp;(7)<\/option>\n\t<option value='https:\/\/malanew.org\/?m=201809'> septembre 2018 &nbsp;(1)<\/option>\n\n\t\t<\/select>\n\n\t\t\t<script>\n(function() {\n\tvar dropdown = document.getElementById( \"archives-dropdown-REPLACE_TO_ID\" );\n\tfunction onSelectChange() {\n\t\tif ( dropdown.options[ dropdown.selectedIndex ].value !== '' ) {\n\t\t\tdocument.location.href = this.options[ this.selectedIndex ].value;\n\t\t}\n\t}\n\tdropdown.onchange = onSelectChange;\n})();\n<\/script>\n\t\t\t\t<\/div>\n\t\t\t\t<\/div>\n\t\t\t\t<div class=\"elementor-element elementor-element-ad5bb06 elementor-widget elementor-widget-heading\" data-id=\"ad5bb06\" data-element_type=\"widget\" data-e-type=\"widget\" data-widget_type=\"heading.default\">\n\t\t\t\t<div class=\"elementor-widget-container\">\n\t\t\t\t\t<h2 class=\"elementor-heading-title elementor-size-default\">STOP AUX D\u00c9MOLITIONS DE L'ANRU!<\/h2>\t\t\t\t<\/div>\n\t\t\t\t<\/div>\n\t\t\t\t\t<\/div>\n\t\t\t\t<\/div>\n\t\t<div class=\"elementor-element elementor-element-ed91312 e-flex e-con-boxed e-con e-parent\" data-id=\"ed91312\" data-element_type=\"container\" data-e-type=\"container\">\n\t\t\t\t\t<div class=\"e-con-inner\">\n\t\t<div class=\"elementor-element elementor-element-46ae667 e-con-full e-flex e-con e-child\" data-id=\"46ae667\" data-element_type=\"container\" data-e-type=\"container\">\n\t\t\t\t<div class=\"elementor-element elementor-element-60cf965 elementor-widget elementor-widget-text-editor\" data-id=\"60cf965\" data-element_type=\"widget\" data-e-type=\"widget\" data-widget_type=\"text-editor.default\">\n\t\t\t\t<div class=\"elementor-widget-container\">\n\t\t\t\t\t\t\t\t\t<p class=\"subheading-product:01 color:text-product margin-top:600  \">Mobilisation nationale<\/p>\n<p class=\"subheading-product:01 color:text-product margin-top:600  \">En f\u00e9vrier prochain se tiendront les 20 ans de l&rsquo;ANRU. \u00c0 cette occasion, nous proposons de nous retrouver le mercredi 7 f\u00e9vrier 2024 au niveau national \u00e0 Paris.\u00a0<\/p>\n<p>Voir le blog de Luc Baillet sur <a href=\"https:\/\/blogs.mediapart.fr\/luc-baillet\/blog\/150124\/stop-aux-demolitions-de-landru#:~:text=En%20f%C3%A9vrier%20prochain%20se%20tiendront,lieu%20central%2C%20%C3%A0%20pr%C3%A9ciser).\">Mediapart\u00a0<\/a><\/p>\t\t\t\t\t\t\t\t<\/div>\n\t\t\t\t<\/div>\n\t\t\t\t<\/div>\n\t\t<div class=\"elementor-element elementor-element-5540e9f e-con-full e-flex e-con e-child\" data-id=\"5540e9f\" data-element_type=\"container\" data-e-type=\"container\">\n\t\t\t\t<div class=\"elementor-element elementor-element-37added elementor-widget elementor-widget-text-editor\" data-id=\"37added\" data-element_type=\"widget\" data-e-type=\"widget\" data-widget_type=\"text-editor.default\">\n\t\t\t\t<div class=\"elementor-widget-container\">\n\t\t\t\t\t\t\t\t\t<p>D\u00e9l\u00e9gation devant le si\u00e8ge de l&rsquo;ANRU \u00e0 Pantin \u00e0 10h30.\u00a0<\/p>\n<p>Conf\u00e9rence de presse et d\u00e9briefing au CICP \u00e0 14h (21ter Rue Voltaire, 75011 Paris)<\/p>\n<div class=\"M2Cv8e hP3ybd\">\n<div>\u00a0<\/div>\n<\/div>\t\t\t\t\t\t\t\t<\/div>\n\t\t\t\t<\/div>\n\t\t\t\t<\/div>\n\t\t\t\t\t<\/div>\n\t\t\t\t<\/div>\n\t\t<div class=\"elementor-element elementor-element-6cbe4e3 e-flex e-con-boxed e-con e-parent\" data-id=\"6cbe4e3\" data-element_type=\"container\" data-e-type=\"container\">\n\t\t\t\t\t<div class=\"e-con-inner\">\n\t\t\t\t<div class=\"elementor-element elementor-element-563d0c1 elementor-widget elementor-widget-image\" data-id=\"563d0c1\" data-element_type=\"widget\" data-e-type=\"widget\" data-widget_type=\"image.default\">\n\t\t\t\t<div class=\"elementor-widget-container\">\n\t\t\t\t\t\t\t\t\t\t\t\t\t\t\t<img fetchpriority=\"high\" decoding=\"async\" width=\"768\" height=\"1086\" src=\"https:\/\/malanew.org\/wp-content\/uploads\/2018\/09\/Programme_Rencontre-nationale_Stop-aux-demolitions-ANRU_Pour-un-moratoire-immediat-768x1086.jpg\" class=\"attachment-medium_large size-medium_large wp-image-1561\" alt=\"\" srcset=\"https:\/\/malanew.org\/wp-content\/uploads\/2018\/09\/Programme_Rencontre-nationale_Stop-aux-demolitions-ANRU_Pour-un-moratoire-immediat-768x1086.jpg 768w, https:\/\/malanew.org\/wp-content\/uploads\/2018\/09\/Programme_Rencontre-nationale_Stop-aux-demolitions-ANRU_Pour-un-moratoire-immediat-212x300.jpg 212w, https:\/\/malanew.org\/wp-content\/uploads\/2018\/09\/Programme_Rencontre-nationale_Stop-aux-demolitions-ANRU_Pour-un-moratoire-immediat-724x1024.jpg 724w, https:\/\/malanew.org\/wp-content\/uploads\/2018\/09\/Programme_Rencontre-nationale_Stop-aux-demolitions-ANRU_Pour-un-moratoire-immediat-1086x1536.jpg 1086w, https:\/\/malanew.org\/wp-content\/uploads\/2018\/09\/Programme_Rencontre-nationale_Stop-aux-demolitions-ANRU_Pour-un-moratoire-immediat-1448x2048.jpg 1448w, https:\/\/malanew.org\/wp-content\/uploads\/2018\/09\/Programme_Rencontre-nationale_Stop-aux-demolitions-ANRU_Pour-un-moratoire-immediat-scaled.jpg 1810w\" sizes=\"(max-width: 768px) 100vw, 768px\" \/>\t\t\t\t\t\t\t\t\t\t\t\t\t\t\t<\/div>\n\t\t\t\t<\/div>\n\t\t\t\t\t<\/div>\n\t\t\t\t<\/div>\n\t\t\t\t<\/div>\n\t\t","protected":false},"excerpt":{"rendered":"<p>STOP AUX D\u00c9MOLITIONS DE L&rsquo;ANRU! Mobilisation nationale En f\u00e9vrier prochain se tiendront les 20 ans de l&rsquo;ANRU. \u00c0 cette occasion, nous proposons de nous retrouver le mercredi 7 f\u00e9vrier 2024 au niveau national \u00e0 Paris.\u00a0 Voir le blog de Luc Baillet sur Mediapart\u00a0 D\u00e9l\u00e9gation devant le si\u00e8ge de l&rsquo;ANRU \u00e0 Pantin \u00e0 10h30.\u00a0 Conf\u00e9rence de [&hellip;]<\/p>\n","protected":false},"author":1,"featured_media":0,"comment_status":"closed","ping_status":"closed","sticky":false,"template":"","format":"standard","meta":{"footnotes":""},"categories":[1],"tags":[],"class_list":["post-35","post","type-post","status-publish","format-standard","hentry","category-blog"],"_links":{"self":[{"href":"https:\/\/malanew.org\/index.php?rest_route=\/wp\/v2\/posts\/35","targetHints":{"allow":["GET"]}}],"collection":[{"href":"https:\/\/malanew.org\/index.php?rest_route=\/wp\/v2\/posts"}],"about":[{"href":"https:\/\/malanew.org\/index.php?rest_route=\/wp\/v2\/types\/post"}],"author":[{"embeddable":true,"href":"https:\/\/malanew.org\/index.php?rest_route=\/wp\/v2\/users\/1"}],"replies":[{"embeddable":true,"href":"https:\/\/malanew.org\/index.php?rest_route=%2Fwp%2Fv2%2Fcomments&post=35"}],"version-history":[{"count":16,"href":"https:\/\/malanew.org\/index.php?rest_route=\/wp\/v2\/posts\/35\/revisions"}],"predecessor-version":[{"id":1573,"href":"https:\/\/malanew.org\/index.php?rest_route=\/wp\/v2\/posts\/35\/revisions\/1573"}],"wp:attachment":[{"href":"https:\/\/malanew.org\/index.php?rest_route=%2Fwp%2Fv2%2Fmedia&parent=35"}],"wp:term":[{"taxonomy":"category","embeddable":true,"href":"https:\/\/malanew.org\/index.php?rest_route=%2Fwp%2Fv2%2Fcategories&post=35"},{"taxonomy":"post_tag","embeddable":true,"href":"https:\/\/malanew.org\/index.php?rest_route=%2Fwp%2Fv2%2Ftags&post=35"}],"curies":[{"name":"wp","href":"https:\/\/api.w.org\/{rel}","templated":true}]}}